{"id":147,"date":"2025-07-11T10:42:08","date_gmt":"2025-07-11T08:42:08","guid":{"rendered":"https:\/\/ilf.org.pl\/52\/?p=147"},"modified":"2025-07-11T10:46:19","modified_gmt":"2025-07-11T08:46:19","slug":"filmoterapia-na-festiwalu","status":"publish","type":"post","link":"https:\/\/ilf.org.pl\/52\/filmoterapia-na-festiwalu\/","title":{"rendered":"FILMOTERAPIA na festiwalu"},"content":{"rendered":"\n<p>Kilka miesi\u0119cy temu w galerii O.Mega rozpocz\u0119li\u015bmy w I\u0144sku cykl filmowy FILMOTERAPIA, gdzie pokazywali\u015bmy filmy, kt\u00f3re posiadaj\u0105 w sobie du\u017cy potencja\u0142 terapeutyczny. Projekcje zako\u0144czone by\u0142y rozmowami z psychoseksuolo\u017ck\u0105 (i artystk\u0105) Monik\u0105 Borzym.<\/p>\n\n\n\n<p>FILMOTERAPIA pojawi si\u0119 na tegorocznym I\u0144skim Lecie Filmowym przy okazji dw\u00f3ch film\u00f3w: \u201eZaufaj mi\u201d w re\u017cyserii Joanny Ratajczak oraz \u201eRzeczy niezb\u0119dne\u201d w re\u017cyserii Kamili Tarabury.<\/p>\n\n\n\n<p>Opr\u00f3cz przyjazdu re\u017cyserek, spotkamy si\u0119 z bohaterami filmu \u201eZaufaj mi&#8221;, a ca\u0142o\u015b\u0107 poprowadzi wspomniana Monika Borzym.<\/p>\n\n\n\n<figure class=\"wp-block-image size-full is-resized\"><img loading=\"lazy\" decoding=\"async\" width=\"718\" height=\"1024\" src=\"https:\/\/ilf.org.pl\/52\/wp-content\/uploads\/2025\/07\/Zaufaj-mi.jpg\" alt=\"\" class=\"wp-image-150\" style=\"width:840px;height:auto\" srcset=\"https:\/\/ilf.org.pl\/52\/wp-content\/uploads\/2025\/07\/Zaufaj-mi.jpg 718w, https:\/\/ilf.org.pl\/52\/wp-content\/uploads\/2025\/07\/Zaufaj-mi-210x300.jpg 210w\" sizes=\"auto, (max-width: 718px) 100vw, 718px\" \/><\/figure>\n\n\n\n<figure class=\"wp-block-image size-large\"><img loading=\"lazy\" decoding=\"async\" width=\"819\" height=\"1024\" src=\"https:\/\/ilf.org.pl\/52\/wp-content\/uploads\/2025\/07\/Rzeczy-niezbede-819x1024.jpg\" alt=\"\" class=\"wp-image-149\" srcset=\"https:\/\/ilf.org.pl\/52\/wp-content\/uploads\/2025\/07\/Rzeczy-niezbede-819x1024.jpg 819w, https:\/\/ilf.org.pl\/52\/wp-content\/uploads\/2025\/07\/Rzeczy-niezbede-240x300.jpg 240w, https:\/\/ilf.org.pl\/52\/wp-content\/uploads\/2025\/07\/Rzeczy-niezbede-768x960.jpg 768w, https:\/\/ilf.org.pl\/52\/wp-content\/uploads\/2025\/07\/Rzeczy-niezbede-1024x1280.jpg 1024w, https:\/\/ilf.org.pl\/52\/wp-content\/uploads\/2025\/07\/Rzeczy-niezbede-864x1080.jpg 864w, https:\/\/ilf.org.pl\/52\/wp-content\/uploads\/2025\/07\/Rzeczy-niezbede.jpg 1080w\" sizes=\"auto, (max-width: 819px) 100vw, 819px\" \/><\/figure>\n","protected":false},"excerpt":{"rendered":"<p>Kilka miesi\u0119cy temu w galerii O.Mega rozpocz\u0119li\u015bmy w I\u0144sku cykl filmowy FILMOTERAPIA, gdzie pokazywali\u015bmy filmy, kt\u00f3re posiadaj\u0105 w sobie du\u017cy potencja\u0142 terapeutyczny. Projekcje zako\u0144czone by\u0142y rozmowami z psychoseksuolo\u017ck\u0105 (i artystk\u0105) Monik\u0105 Borzym. FILMOTERAPIA pojawi si\u0119 na tegorocznym I\u0144skim Lecie Filmowym przy okazji dw\u00f3ch film\u00f3w: \u201eZaufaj mi\u201d w re\u017cyserii Joanny Ratajczak oraz \u201eRzeczy niezb\u0119dne\u201d w re\u017cyserii&hellip; <br \/> <a class=\"read-more\" href=\"https:\/\/ilf.org.pl\/52\/filmoterapia-na-festiwalu\/\">Dowiedz si\u0119 wi\u0119cej<\/a><\/p>\n","protected":false},"author":1,"featured_media":148,"comment_status":"closed","ping_status":"","sticky":false,"template":"","format":"standard","meta":{"footnotes":""},"categories":[3,4],"tags":[],"class_list":["post-147","post","type-post","status-publish","format-standard","has-post-thumbnail","hentry","category-program-glowny","category-wydarzenia-towarzyszace"],"_links":{"self":[{"href":"https:\/\/ilf.org.pl\/52\/wp-json\/wp\/v2\/posts\/147","targetHints":{"allow":["GET"]}}],"collection":[{"href":"https:\/\/ilf.org.pl\/52\/wp-json\/wp\/v2\/posts"}],"about":[{"href":"https:\/\/ilf.org.pl\/52\/wp-json\/wp\/v2\/types\/post"}],"author":[{"embeddable":true,"href":"https:\/\/ilf.org.pl\/52\/wp-json\/wp\/v2\/users\/1"}],"replies":[{"embeddable":true,"href":"https:\/\/ilf.org.pl\/52\/wp-json\/wp\/v2\/comments?post=147"}],"version-history":[{"count":1,"href":"https:\/\/ilf.org.pl\/52\/wp-json\/wp\/v2\/posts\/147\/revisions"}],"predecessor-version":[{"id":151,"href":"https:\/\/ilf.org.pl\/52\/wp-json\/wp\/v2\/posts\/147\/revisions\/151"}],"wp:featuredmedia":[{"embeddable":true,"href":"https:\/\/ilf.org.pl\/52\/wp-json\/wp\/v2\/media\/148"}],"wp:attachment":[{"href":"https:\/\/ilf.org.pl\/52\/wp-json\/wp\/v2\/media?parent=147"}],"wp:term":[{"taxonomy":"category","embeddable":true,"href":"https:\/\/ilf.org.pl\/52\/wp-json\/wp\/v2\/categories?post=147"},{"taxonomy":"post_tag","embeddable":true,"href":"https:\/\/ilf.org.pl\/52\/wp-json\/wp\/v2\/tags?post=147"}],"curies":[{"name":"wp","href":"https:\/\/api.w.org\/{rel}","templated":true}]}}